{"id":15238,"date":"2026-08-11T13:46:07","date_gmt":"2026-08-11T11:46:07","guid":{"rendered":"https:\/\/grupsa.com\/revolving-doors-by-grupsa-at-the-newly-opened-convention-center-of-lima\/"},"modified":"2026-09-01T20:46:44","modified_gmt":"2026-09-01T18:46:44","slug":"revolving-doors-by-grupsa-at-the-newly-opened-convention-center-of-lima","status":"publish","type":"post","link":"https:\/\/grupsa.com\/fr\/revolving-doors-by-grupsa-at-the-newly-opened-convention-center-of-lima\/","title":{"rendered":"Portes tournantes Grupsa au nouveau Centre de Congr\u00e8s de Lima"},"content":{"rendered":"<p>Le 6 octobre a \u00e9t\u00e9 inaugur\u00e9 le Centre de Congr\u00e8s \u00ab 27 de enero \u00bb de Lima. La Biblioth\u00e8que nationale, le Grand Th\u00e9\u00e2tre de Lima et le Mus\u00e9e national sont d\u00e9sormais accompagn\u00e9s de ce m\u00e9gaprojet. Situ\u00e9 dans le centre-ville, le nouveau Centre de Congr\u00e8s compte 1 800 m\u00e8tres carr\u00e9s, 18 salles, un auditorium de 4 niveaux et une capacit\u00e9 d&rsquo;accueil de pr\u00e8s de dix mille personnes. Le projet a \u00e9t\u00e9 pr\u00e9sent\u00e9 en 2012, mais ce n&rsquo;est qu&rsquo;en avril 2014 que sa construction a d\u00e9but\u00e9, battant un record de 16 mois jusqu&rsquo;\u00e0 son inauguration. Il a \u00e9t\u00e9 construit par COSAPI et con\u00e7u par Arquitectonica, cabinet du c\u00e9l\u00e8bre architecte Bernardo Fort Brescia.<\/p>\n<p>C&rsquo;est dans ce grand projet que Grupsa est intervenue en fournissant les syst\u00e8mes d&rsquo;ouverture. Au total, cinq portes tournantes mod\u00e8le RS-100 ont \u00e9t\u00e9 install\u00e9es avec \u00e9quipement automatique aux entr\u00e9es principales du b\u00e2timent. La gamme Rotary System de Grupsa est con\u00e7ue pour les installations \u00e0 fort trafic. Les portes tournantes att\u00e9nuent le bruit, r\u00e9duisent l&rsquo;entr\u00e9e de salet\u00e9 depuis l&rsquo;ext\u00e9rieur et, gr\u00e2ce \u00e0 l&rsquo;isolation thermique, favorisent les \u00e9conomies d&rsquo;\u00e9nergie. Elles constituent la solution id\u00e9ale pour \u00e9viter les courants d&rsquo;air dans les b\u00e2timents dont le hall d&rsquo;entr\u00e9e principal pr\u00e9sente une grande hauteur. Le mod\u00e8le RS-100 int\u00e8gre \u00e9galement le syst\u00e8me break-out, qui permet de replier les vantaux dans le sens de la sortie, laissant un couloir entier pour le passage en cas d&rsquo;\u00e9vacuation ou en position d&rsquo;\u00e9t\u00e9.<\/p>\n<p>Les entr\u00e9es publiques du nouveau Centre de Congr\u00e8s de Lima garantissent le confort et la s\u00e9curit\u00e9 des pi\u00e9tons ainsi que l&rsquo;efficacit\u00e9 du b\u00e2timent. Par ailleurs, des portes coulissantes automatiques AS-300 de Grupsa, aux dimensions sp\u00e9ciales et au design transparent, ont \u00e9t\u00e9 install\u00e9es dans le restaurant et la zone de service du Centre.<\/p>\n<p>Le Centre de Congr\u00e8s \u00ab 27 de enero \u00bb est une infrastructure impressionnante qui fera du P\u00e9rou une r\u00e9f\u00e9rence internationale pour les grands \u00e9v\u00e9nements. Lors de son ouverture, du 5 au 12 octobre, il a accueilli les Assembl\u00e9es annuelles du Groupe de la Banque mondiale (BM) et du Fonds mon\u00e9taire international (FMI).<\/p>\n<p>Image : Centre de Congr\u00e8s de Lima<br \/>\nContact : news@grupsa.com<\/p>\n","protected":false},"excerpt":{"rendered":"<p>Le 6 octobre a \u00e9t\u00e9 inaugur\u00e9 le Centre de Congr\u00e8s \u00ab 27 de enero \u00bb [&hellip;]<\/p>\n","protected":false},"author":1,"featured_media":0,"comment_status":"closed","ping_status":"open","sticky":false,"template":"","format":"standard","meta":{"footnotes":""},"categories":[271],"tags":[],"class_list":["post-15238","post","type-post","status-publish","format-standard","hentry","category-non-classifie"],"yoast_head":"<!-- This site is optimized with the Yoast SEO plugin v28.4 - https:\/\/yoast.com\/product\/yoast-seo-wordpress\/ -->\n<title>Portes tournantes Grupsa au nouveau Centre de Congr\u00e8s de Lima - Grupsa<\/title>\n<meta name=\"robots\" content=\"index, follow, max-snippet:-1, max-image-preview:large, max-video-preview:-1\" \/>\n<link rel=\"canonical\" href=\"https:\/\/grupsa.com\/fr\/revolving-doors-by-grupsa-at-the-newly-opened-convention-center-of-lima\/\" \/>\n<meta property=\"og:locale\" content=\"fr_FR\" \/>\n<meta property=\"og:type\" content=\"article\" \/>\n<meta property=\"og:title\" content=\"Portes tournantes Grupsa au nouveau Centre de Congr\u00e8s de Lima - Grupsa\" \/>\n<meta property=\"og:description\" content=\"Le 6 octobre a \u00e9t\u00e9 inaugur\u00e9 le Centre de Congr\u00e8s \u00ab 27 de enero \u00bb [&hellip;]\" \/>\n<meta property=\"og:url\" content=\"https:\/\/grupsa.com\/fr\/revolving-doors-by-grupsa-at-the-newly-opened-convention-center-of-lima\/\" \/>\n<meta property=\"og:site_name\" content=\"Grupsa\" \/>\n<meta property=\"article:published_time\" content=\"2026-08-11T11:46:07+00:00\" \/>\n<meta property=\"article:modified_time\" content=\"2026-09-01T18:46:44+00:00\" \/>\n<meta property=\"og:image\" content=\"https:\/\/grupsa.com\/wp-content\/uploads\/2023\/11\/cropped-1.-Logo-Grupsa-Door-Systems_20221116-scaled-1.jpg\" \/>\n\t<meta property=\"og:image:width\" content=\"2559\" \/>\n\t<meta property=\"og:image:height\" content=\"1279\" \/>\n\t<meta property=\"og:image:type\" content=\"image\/jpeg\" \/>\n<meta name=\"author\" content=\"Grupsa\" \/>\n<meta name=\"twitter:card\" content=\"summary_large_image\" \/>\n<meta name=\"twitter:label1\" content=\"\u00c9crit par\" \/>\n\t<meta name=\"twitter:data1\" content=\"Grupsa\" \/>\n\t<meta name=\"twitter:label2\" content=\"Dur\u00e9e de lecture estim\u00e9e\" \/>\n\t<meta name=\"twitter:data2\" content=\"2 minutes\" \/>\n<script type=\"application\/ld+json\" class=\"yoast-schema-graph\">{\"@context\":\"https:\\\/\\\/schema.org\",\"@graph\":[{\"@type\":\"Article\",\"@id\":\"https:\\\/\\\/grupsa.com\\\/fr\\\/revolving-doors-by-grupsa-at-the-newly-opened-convention-center-of-lima\\\/#article\",\"isPartOf\":{\"@id\":\"https:\\\/\\\/grupsa.com\\\/fr\\\/revolving-doors-by-grupsa-at-the-newly-opened-convention-center-of-lima\\\/\"},\"author\":{\"name\":\"Grupsa\",\"@id\":\"https:\\\/\\\/grupsa.com\\\/fr\\\/#\\\/schema\\\/person\\\/0ddb279632ddd73a49fcb01c8d93dc49\"},\"headline\":\"Portes tournantes Grupsa au nouveau Centre de Congr\u00e8s de Lima\",\"datePublished\":\"2026-08-11T11:46:07+00:00\",\"dateModified\":\"2026-09-01T18:46:44+00:00\",\"mainEntityOfPage\":{\"@id\":\"https:\\\/\\\/grupsa.com\\\/fr\\\/revolving-doors-by-grupsa-at-the-newly-opened-convention-center-of-lima\\\/\"},\"wordCount\":403,\"publisher\":{\"@id\":\"https:\\\/\\\/grupsa.com\\\/fr\\\/#organization\"},\"articleSection\":[\"Non classifi\u00e9\"],\"inLanguage\":\"fr-FR\"},{\"@type\":\"WebPage\",\"@id\":\"https:\\\/\\\/grupsa.com\\\/fr\\\/revolving-doors-by-grupsa-at-the-newly-opened-convention-center-of-lima\\\/\",\"url\":\"https:\\\/\\\/grupsa.com\\\/fr\\\/revolving-doors-by-grupsa-at-the-newly-opened-convention-center-of-lima\\\/\",\"name\":\"Portes tournantes Grupsa au nouveau Centre de Congr\u00e8s de Lima - Grupsa\",\"isPartOf\":{\"@id\":\"https:\\\/\\\/grupsa.com\\\/fr\\\/#website\"},\"datePublished\":\"2026-08-11T11:46:07+00:00\",\"dateModified\":\"2026-09-01T18:46:44+00:00\",\"breadcrumb\":{\"@id\":\"https:\\\/\\\/grupsa.com\\\/fr\\\/revolving-doors-by-grupsa-at-the-newly-opened-convention-center-of-lima\\\/#breadcrumb\"},\"inLanguage\":\"fr-FR\",\"potentialAction\":[{\"@type\":\"ReadAction\",\"target\":[\"https:\\\/\\\/grupsa.com\\\/fr\\\/revolving-doors-by-grupsa-at-the-newly-opened-convention-center-of-lima\\\/\"]}]},{\"@type\":\"BreadcrumbList\",\"@id\":\"https:\\\/\\\/grupsa.com\\\/fr\\\/revolving-doors-by-grupsa-at-the-newly-opened-convention-center-of-lima\\\/#breadcrumb\",\"itemListElement\":[{\"@type\":\"ListItem\",\"position\":1,\"name\":\"Portada\",\"item\":\"https:\\\/\\\/grupsa.com\\\/fr\\\/\"},{\"@type\":\"ListItem\",\"position\":2,\"name\":\"Portes tournantes Grupsa au nouveau Centre de Congr\u00e8s de Lima\"}]},{\"@type\":\"WebSite\",\"@id\":\"https:\\\/\\\/grupsa.com\\\/fr\\\/#website\",\"url\":\"https:\\\/\\\/grupsa.com\\\/fr\\\/\",\"name\":\"Grupsa\",\"description\":\"Accesos que conectan personas\",\"publisher\":{\"@id\":\"https:\\\/\\\/grupsa.com\\\/fr\\\/#organization\"},\"potentialAction\":[{\"@type\":\"SearchAction\",\"target\":{\"@type\":\"EntryPoint\",\"urlTemplate\":\"https:\\\/\\\/grupsa.com\\\/fr\\\/?s={search_term_string}\"},\"query-input\":{\"@type\":\"PropertyValueSpecification\",\"valueRequired\":true,\"valueName\":\"search_term_string\"}}],\"inLanguage\":\"fr-FR\"},{\"@type\":\"Organization\",\"@id\":\"https:\\\/\\\/grupsa.com\\\/fr\\\/#organization\",\"name\":\"Grupsa\",\"url\":\"https:\\\/\\\/grupsa.com\\\/fr\\\/\",\"logo\":{\"@type\":\"ImageObject\",\"inLanguage\":\"fr-FR\",\"@id\":\"https:\\\/\\\/grupsa.com\\\/fr\\\/#\\\/schema\\\/logo\\\/image\\\/\",\"url\":\"https:\\\/\\\/grupsa.com\\\/wp-content\\\/uploads\\\/2026\\\/08\\\/Logo-Grupsa-scaled.png\",\"contentUrl\":\"https:\\\/\\\/grupsa.com\\\/wp-content\\\/uploads\\\/2026\\\/08\\\/Logo-Grupsa-scaled.png\",\"width\":2560,\"height\":1279,\"caption\":\"Grupsa\"},\"image\":{\"@id\":\"https:\\\/\\\/grupsa.com\\\/fr\\\/#\\\/schema\\\/logo\\\/image\\\/\"}},{\"@type\":\"Person\",\"@id\":\"https:\\\/\\\/grupsa.com\\\/fr\\\/#\\\/schema\\\/person\\\/0ddb279632ddd73a49fcb01c8d93dc49\",\"name\":\"Grupsa\",\"image\":{\"@type\":\"ImageObject\",\"inLanguage\":\"fr-FR\",\"@id\":\"https:\\\/\\\/secure.gravatar.com\\\/avatar\\\/cfef97b4c0dad16fd50a47979db51a772388a64a7dc2f17519d9950b444723e7?s=96&d=mm&r=g\",\"url\":\"https:\\\/\\\/secure.gravatar.com\\\/avatar\\\/cfef97b4c0dad16fd50a47979db51a772388a64a7dc2f17519d9950b444723e7?s=96&d=mm&r=g\",\"contentUrl\":\"https:\\\/\\\/secure.gravatar.com\\\/avatar\\\/cfef97b4c0dad16fd50a47979db51a772388a64a7dc2f17519d9950b444723e7?s=96&d=mm&r=g\",\"caption\":\"Grupsa\"}}]}<\/script>\n<!-- \/ Yoast SEO plugin. -->","yoast_head_json":{"title":"Portes tournantes Grupsa au nouveau Centre de Congr\u00e8s de Lima - Grupsa","robots":{"index":"index","follow":"follow","max-snippet":"max-snippet:-1","max-image-preview":"max-image-preview:large","max-video-preview":"max-video-preview:-1"},"canonical":"https:\/\/grupsa.com\/fr\/revolving-doors-by-grupsa-at-the-newly-opened-convention-center-of-lima\/","og_locale":"fr_FR","og_type":"article","og_title":"Portes tournantes Grupsa au nouveau Centre de Congr\u00e8s de Lima - Grupsa","og_description":"Le 6 octobre a \u00e9t\u00e9 inaugur\u00e9 le Centre de Congr\u00e8s \u00ab 27 de enero \u00bb [&hellip;]","og_url":"https:\/\/grupsa.com\/fr\/revolving-doors-by-grupsa-at-the-newly-opened-convention-center-of-lima\/","og_site_name":"Grupsa","article_published_time":"2026-08-11T11:46:07+00:00","article_modified_time":"2026-09-01T18:46:44+00:00","og_image":[{"width":2559,"height":1279,"url":"https:\/\/grupsa.com\/wp-content\/uploads\/2023\/11\/cropped-1.-Logo-Grupsa-Door-Systems_20221116-scaled-1.jpg","type":"image\/jpeg"}],"author":"Grupsa","twitter_card":"summary_large_image","twitter_misc":{"\u00c9crit par":"Grupsa","Dur\u00e9e de lecture estim\u00e9e":"2 minutes"},"schema":{"@context":"https:\/\/schema.org","@graph":[{"@type":"Article","@id":"https:\/\/grupsa.com\/fr\/revolving-doors-by-grupsa-at-the-newly-opened-convention-center-of-lima\/#article","isPartOf":{"@id":"https:\/\/grupsa.com\/fr\/revolving-doors-by-grupsa-at-the-newly-opened-convention-center-of-lima\/"},"author":{"name":"Grupsa","@id":"https:\/\/grupsa.com\/fr\/#\/schema\/person\/0ddb279632ddd73a49fcb01c8d93dc49"},"headline":"Portes tournantes Grupsa au nouveau Centre de Congr\u00e8s de Lima","datePublished":"2026-08-11T11:46:07+00:00","dateModified":"2026-09-01T18:46:44+00:00","mainEntityOfPage":{"@id":"https:\/\/grupsa.com\/fr\/revolving-doors-by-grupsa-at-the-newly-opened-convention-center-of-lima\/"},"wordCount":403,"publisher":{"@id":"https:\/\/grupsa.com\/fr\/#organization"},"articleSection":["Non classifi\u00e9"],"inLanguage":"fr-FR"},{"@type":"WebPage","@id":"https:\/\/grupsa.com\/fr\/revolving-doors-by-grupsa-at-the-newly-opened-convention-center-of-lima\/","url":"https:\/\/grupsa.com\/fr\/revolving-doors-by-grupsa-at-the-newly-opened-convention-center-of-lima\/","name":"Portes tournantes Grupsa au nouveau Centre de Congr\u00e8s de Lima - Grupsa","isPartOf":{"@id":"https:\/\/grupsa.com\/fr\/#website"},"datePublished":"2026-08-11T11:46:07+00:00","dateModified":"2026-09-01T18:46:44+00:00","breadcrumb":{"@id":"https:\/\/grupsa.com\/fr\/revolving-doors-by-grupsa-at-the-newly-opened-convention-center-of-lima\/#breadcrumb"},"inLanguage":"fr-FR","potentialAction":[{"@type":"ReadAction","target":["https:\/\/grupsa.com\/fr\/revolving-doors-by-grupsa-at-the-newly-opened-convention-center-of-lima\/"]}]},{"@type":"BreadcrumbList","@id":"https:\/\/grupsa.com\/fr\/revolving-doors-by-grupsa-at-the-newly-opened-convention-center-of-lima\/#breadcrumb","itemListElement":[{"@type":"ListItem","position":1,"name":"Portada","item":"https:\/\/grupsa.com\/fr\/"},{"@type":"ListItem","position":2,"name":"Portes tournantes Grupsa au nouveau Centre de Congr\u00e8s de Lima"}]},{"@type":"WebSite","@id":"https:\/\/grupsa.com\/fr\/#website","url":"https:\/\/grupsa.com\/fr\/","name":"Grupsa","description":"Accesos que conectan personas","publisher":{"@id":"https:\/\/grupsa.com\/fr\/#organization"},"potentialAction":[{"@type":"SearchAction","target":{"@type":"EntryPoint","urlTemplate":"https:\/\/grupsa.com\/fr\/?s={search_term_string}"},"query-input":{"@type":"PropertyValueSpecification","valueRequired":true,"valueName":"search_term_string"}}],"inLanguage":"fr-FR"},{"@type":"Organization","@id":"https:\/\/grupsa.com\/fr\/#organization","name":"Grupsa","url":"https:\/\/grupsa.com\/fr\/","logo":{"@type":"ImageObject","inLanguage":"fr-FR","@id":"https:\/\/grupsa.com\/fr\/#\/schema\/logo\/image\/","url":"https:\/\/grupsa.com\/wp-content\/uploads\/2026\/08\/Logo-Grupsa-scaled.png","contentUrl":"https:\/\/grupsa.com\/wp-content\/uploads\/2026\/08\/Logo-Grupsa-scaled.png","width":2560,"height":1279,"caption":"Grupsa"},"image":{"@id":"https:\/\/grupsa.com\/fr\/#\/schema\/logo\/image\/"}},{"@type":"Person","@id":"https:\/\/grupsa.com\/fr\/#\/schema\/person\/0ddb279632ddd73a49fcb01c8d93dc49","name":"Grupsa","image":{"@type":"ImageObject","inLanguage":"fr-FR","@id":"https:\/\/secure.gravatar.com\/avatar\/cfef97b4c0dad16fd50a47979db51a772388a64a7dc2f17519d9950b444723e7?s=96&d=mm&r=g","url":"https:\/\/secure.gravatar.com\/avatar\/cfef97b4c0dad16fd50a47979db51a772388a64a7dc2f17519d9950b444723e7?s=96&d=mm&r=g","contentUrl":"https:\/\/secure.gravatar.com\/avatar\/cfef97b4c0dad16fd50a47979db51a772388a64a7dc2f17519d9950b444723e7?s=96&d=mm&r=g","caption":"Grupsa"}}]}},"_links":{"self":[{"href":"https:\/\/grupsa.com\/fr\/wp-json\/wp\/v2\/posts\/15238","targetHints":{"allow":["GET"]}}],"collection":[{"href":"https:\/\/grupsa.com\/fr\/wp-json\/wp\/v2\/posts"}],"about":[{"href":"https:\/\/grupsa.com\/fr\/wp-json\/wp\/v2\/types\/post"}],"author":[{"embeddable":true,"href":"https:\/\/grupsa.com\/fr\/wp-json\/wp\/v2\/users\/1"}],"replies":[{"embeddable":true,"href":"https:\/\/grupsa.com\/fr\/wp-json\/wp\/v2\/comments?post=15238"}],"version-history":[{"count":2,"href":"https:\/\/grupsa.com\/fr\/wp-json\/wp\/v2\/posts\/15238\/revisions"}],"predecessor-version":[{"id":16015,"href":"https:\/\/grupsa.com\/fr\/wp-json\/wp\/v2\/posts\/15238\/revisions\/16015"}],"wp:attachment":[{"href":"https:\/\/grupsa.com\/fr\/wp-json\/wp\/v2\/media?parent=15238"}],"wp:term":[{"taxonomy":"category","embeddable":true,"href":"https:\/\/grupsa.com\/fr\/wp-json\/wp\/v2\/categories?post=15238"},{"taxonomy":"post_tag","embeddable":true,"href":"https:\/\/grupsa.com\/fr\/wp-json\/wp\/v2\/tags?post=15238"}],"curies":[{"name":"wp","href":"https:\/\/api.w.org\/{rel}","templated":true}]}}